{"id":2103,"date":"2023-04-04T00:28:20","date_gmt":"2023-04-03T22:28:20","guid":{"rendered":"https:\/\/ecavlevoca.sk\/?p=2103"},"modified":"2023-04-04T00:31:09","modified_gmt":"2023-04-03T22:31:09","slug":"ekumenicky-pasiovy-sprievod-v-levoci","status":"publish","type":"post","link":"https:\/\/ecavlevoca.sk\/?p=2103","title":{"rendered":"EKUMENICK\u00dd PA\u0160IOV\u00dd SPRIEVOD V LEVO\u010cI"},"content":{"rendered":"\n<p>Srde\u010dne v\u00e1s poz\u00fdvame na EKUMENICK\u00dd PA\u0160IOV\u00dd SPRIEVOD V LEVO\u010cI na Ve\u013ek\u00fd piatok 7. apr\u00edla 2023 so za\u010diatkom o 13:00 hod. pred Evanjelick\u00fdm kostolom na N\u00e1mest\u00ed Majstra Pavla.<\/p>\n\n\n\n<p><\/p>\n\n\n\n<figure class=\"wp-block-image size-large\"><img width=\"732\" height=\"1024\" src=\"https:\/\/ecavlevoca.sk\/wp-content\/uploads\/2023\/04\/Ekumenicky-pasiovy-sprievod_2023-732x1024.jpg\" alt=\"\" class=\"wp-image-2104\" srcset=\"https:\/\/ecavlevoca.sk\/wp-content\/uploads\/2023\/04\/Ekumenicky-pasiovy-sprievod_2023-scaled.jpg 732w, https:\/\/ecavlevoca.sk\/wp-content\/uploads\/2023\/04\/Ekumenicky-pasiovy-sprievod_2023-214x300.jpg 214w, https:\/\/ecavlevoca.sk\/wp-content\/uploads\/2023\/04\/Ekumenicky-pasiovy-sprievod_2023-768x1075.jpg 768w\" sizes=\"(max-width: 732px) 100vw, 732px\" \/><\/figure>\n","protected":false},"excerpt":{"rendered":"<p>Srde\u010dne v\u00e1s poz\u00fdvame na EKUMENICK\u00dd PA\u0160IOV\u00dd SPRIEVOD V LEVO\u010cI na Ve\u013ek\u00fd piatok 7. apr\u00edla 2023 so za\u010diatkom o 13:00 hod. pred Evanjelick\u00fdm kostolom na N\u00e1mest\u00ed Majstra Pavla.<\/p>\n","protected":false},"author":1,"featured_media":2104,"comment_status":"closed","ping_status":"closed","sticky":false,"template":"","format":"standard","meta":[],"categories":[1],"tags":[],"_links":{"self":[{"href":"https:\/\/ecavlevoca.sk\/index.php?rest_route=\/wp\/v2\/posts\/2103"}],"collection":[{"href":"https:\/\/ecavlevoca.sk\/index.php?rest_route=\/wp\/v2\/posts"}],"about":[{"href":"https:\/\/ecavlevoca.sk\/index.php?rest_route=\/wp\/v2\/types\/post"}],"author":[{"embeddable":true,"href":"https:\/\/ecavlevoca.sk\/index.php?rest_route=\/wp\/v2\/users\/1"}],"replies":[{"embeddable":true,"href":"https:\/\/ecavlevoca.sk\/index.php?rest_route=%2Fwp%2Fv2%2Fcomments&post=2103"}],"version-history":[{"count":2,"href":"https:\/\/ecavlevoca.sk\/index.php?rest_route=\/wp\/v2\/posts\/2103\/revisions"}],"predecessor-version":[{"id":2107,"href":"https:\/\/ecavlevoca.sk\/index.php?rest_route=\/wp\/v2\/posts\/2103\/revisions\/2107"}],"wp:featuredmedia":[{"embeddable":true,"href":"https:\/\/ecavlevoca.sk\/index.php?rest_route=\/wp\/v2\/media\/2104"}],"wp:attachment":[{"href":"https:\/\/ecavlevoca.sk\/index.php?rest_route=%2Fwp%2Fv2%2Fmedia&parent=2103"}],"wp:term":[{"taxonomy":"category","embeddable":true,"href":"https:\/\/ecavlevoca.sk\/index.php?rest_route=%2Fwp%2Fv2%2Fcategories&post=2103"},{"taxonomy":"post_tag","embeddable":true,"href":"https:\/\/ecavlevoca.sk\/index.php?rest_route=%2Fwp%2Fv2%2Ftags&post=2103"}],"curies":[{"name":"wp","href":"https:\/\/api.w.org\/{rel}","templated":true}]}}